{"id":7596,"date":"2021-06-06T15:09:36","date_gmt":"2021-06-06T14:09:36","guid":{"rendered":"https:\/\/staging.viseu2001.com\/wp\/?p=7596"},"modified":"2021-06-07T15:10:13","modified_gmt":"2021-06-07T14:10:13","slug":"parabens-campeoessss%f0%9f%98%8d%f0%9f%98%8d","status":"publish","type":"post","link":"https:\/\/staging.viseu2001.com\/wp\/2021\/06\/06\/parabens-campeoessss%f0%9f%98%8d%f0%9f%98%8d\/","title":{"rendered":"PARAB\u00c9NS CAMPE\u00d5ESSSS&#x1f60d;&#x1f60d;"},"content":{"rendered":"<div class=\"\" dir=\"auto\">\n<div id=\"jsc_c_8q\" class=\"ecm0bbzt hv4rvrfc ihqw7lf3 dati1w0a\" data-ad-comet-preview=\"message\" data-ad-preview=\"message\">\n<div class=\"j83agx80 cbu4d94t ew0dbk1b irj2b8pg\">\n<div class=\"qzhwtbm6 knvmm38d\">\n<div class=\"kvgmc6g5 cxmmr5t8 oygrvhab hcukyx3x c1et5uql ii04i59q\">\n<div dir=\"auto\">\n<div class=\"oajrlxb2 g5ia77u1 qu0x051f esr5mh6w e9989ue4 r7d6kgcz rq0escxv nhd2j8a9 nc684nl6 p7hjln8o kvgmc6g5 cxmmr5t8 oygrvhab hcukyx3x jb3vyjys rz4wbd8a qt6c0cv9 a8nywdso i1ao9s8h esuyzwwr f1sip0of lzcic4wl\" tabindex=\"0\" role=\"button\">PARAB\u00c9NS CAMPE\u00d5ESSSS<span class=\"pq6dq46d tbxw36s4 knj5qynh kvgmc6g5 ditlmg2l oygrvhab nvdbi5me sf5mxxl7 gl3lb2sf hhz5lgdu\"><img loading=\"lazy\" decoding=\"async\" src=\"https:\/\/static.xx.fbcdn.net\/images\/emoji.php\/v9\/t2\/1\/16\/1f60d.png\" alt=\"&#x1f60d;\" width=\"16\" height=\"16\" \/><\/span><span class=\"pq6dq46d tbxw36s4 knj5qynh kvgmc6g5 ditlmg2l oygrvhab nvdbi5me sf5mxxl7 gl3lb2sf hhz5lgdu\"><img loading=\"lazy\" decoding=\"async\" src=\"https:\/\/static.xx.fbcdn.net\/images\/emoji.php\/v9\/t2\/1\/16\/1f60d.png\" alt=\"&#x1f60d;\" width=\"16\" height=\"16\" \/><\/span><\/div>\n<div tabindex=\"0\" role=\"button\"><\/div>\n<\/div>\n<\/div>\n<div class=\"o9v6fnle cxmmr5t8 oygrvhab hcukyx3x c1et5uql ii04i59q\">\n<div dir=\"auto\">Os nossos jovens atletas sagraram se campe\u00f5es Distritais h\u00e1 instantes derrotando na final o PEDRELES por 5-1.<\/div>\n<\/div>\n<div class=\"o9v6fnle cxmmr5t8 oygrvhab hcukyx3x c1et5uql ii04i59q\">\n<div dir=\"auto\">O objectivo agora passa por subir \u00e0 terceira divis\u00e3o nacional atrav\u00e9s da participa\u00e7\u00e3o na ta\u00e7a nacional que se iniciar\u00e1 na pr\u00f3xima quinta feira.<\/div>\n<\/div>\n<div class=\"o9v6fnle cxmmr5t8 oygrvhab hcukyx3x c1et5uql ii04i59q\">\n<div dir=\"auto\">Excelente trabalho de David Sousa, Jos\u00e9 Macedo (treinadores), diretor t\u00e9cnico Paulo Fernandes, directores Lu\u00eds Santos, Alfredo Rego, Silvio Silva, Ant\u00f3nio Almeida.<\/div>\n<\/div>\n<div class=\"o9v6fnle cxmmr5t8 oygrvhab hcukyx3x c1et5uql ii04i59q\">\n<div dir=\"auto\">Liderados por um enorme capit\u00e3o Ricardo Duarte o Viseu 2001 conquista o objectivo do t\u00edtulo distrital.<\/div>\n<\/div>\n<div class=\"o9v6fnle cxmmr5t8 oygrvhab hcukyx3x c1et5uql ii04i59q\">\n<div dir=\"auto\">F\u00e1bio Neves, Am\u00e2ndio e Xano j\u00e1 est\u00e3o na equipa principal e pretende o Viseu 2001 que outros jovens do distrito sigam o mesmo caminho.<\/div>\n<\/div>\n<div class=\"o9v6fnle cxmmr5t8 oygrvhab hcukyx3x c1et5uql ii04i59q\">\n<div dir=\"auto\"><\/div>\n<div dir=\"auto\">ASSIM HONRAMOS VISEU <span class=\"pq6dq46d tbxw36s4 knj5qynh kvgmc6g5 ditlmg2l oygrvhab nvdbi5me sf5mxxl7 gl3lb2sf hhz5lgdu\"><img loading=\"lazy\" decoding=\"async\" src=\"https:\/\/static.xx.fbcdn.net\/images\/emoji.php\/v9\/t6c\/1\/16\/2764.png\" alt=\"&#x2764;&#xfe0f;\" width=\"16\" height=\"16\" \/><\/span><span class=\"pq6dq46d tbxw36s4 knj5qynh kvgmc6g5 ditlmg2l oygrvhab nvdbi5me sf5mxxl7 gl3lb2sf hhz5lgdu\"><img loading=\"lazy\" decoding=\"async\" src=\"https:\/\/static.xx.fbcdn.net\/images\/emoji.php\/v9\/tea\/1\/16\/1f970.png\" alt=\"&#x1f970;\" width=\"16\" height=\"16\" \/><\/span><span class=\"pq6dq46d tbxw36s4 knj5qynh kvgmc6g5 ditlmg2l oygrvhab nvdbi5me sf5mxxl7 gl3lb2sf hhz5lgdu\"><img loading=\"lazy\" decoding=\"async\" src=\"https:\/\/static.xx.fbcdn.net\/images\/emoji.php\/v9\/t6c\/1\/16\/2764.png\" alt=\"&#x2764;&#xfe0f;\" width=\"16\" height=\"16\" \/><\/span><span class=\"pq6dq46d tbxw36s4 knj5qynh kvgmc6g5 ditlmg2l oygrvhab nvdbi5me sf5mxxl7 gl3lb2sf hhz5lgdu\"><img loading=\"lazy\" decoding=\"async\" src=\"https:\/\/static.xx.fbcdn.net\/images\/emoji.php\/v9\/tea\/1\/16\/1f970.png\" alt=\"&#x1f970;\" width=\"16\" height=\"16\" \/><\/span><span class=\"pq6dq46d tbxw36s4 knj5qynh kvgmc6g5 ditlmg2l oygrvhab nvdbi5me sf5mxxl7 gl3lb2sf hhz5lgdu\"><img loading=\"lazy\" decoding=\"async\" src=\"https:\/\/static.xx.fbcdn.net\/images\/emoji.php\/v9\/t6c\/1\/16\/2764.png\" alt=\"&#x2764;&#xfe0f;\" width=\"16\" height=\"16\" \/><\/span><\/div>\n<div dir=\"auto\"><\/div>\n<\/div>\n<div dir=\"auto\"><iframe loading=\"lazy\" style=\"border: none; overflow: hidden;\" src=\"https:\/\/www.facebook.com\/plugins\/post.php?href=https%3A%2F%2Fwww.facebook.com%2Fviseu2001futsal%2Fposts%2F174897901310713&amp;show_text=true&amp;width=500\" width=\"500\" height=\"671\" frameborder=\"0\" scrolling=\"no\" allowfullscreen=\"allowfullscreen\"><\/iframe><\/div>\n<\/div>\n<\/div>\n<\/div>\n<\/div>\n","protected":false},"excerpt":{"rendered":"<p>PARAB\u00c9NS CAMPE\u00d5ESSSS Os nossos jovens atletas sagraram se campe\u00f5es Distritais h\u00e1 instantes derrotando na final o PEDRELES por 5-1. O objectivo agora passa por subir \u00e0 terceira divis\u00e3o nacional atrav\u00e9s da participa\u00e7\u00e3o na ta\u00e7a nacional que se iniciar\u00e1 na pr\u00f3xima quinta feira. Excelente trabalho de David Sousa, Jos\u00e9 Macedo (treinadores), diretor t\u00e9cnico Paulo Fernandes, directores&#8230;<\/p>\n","protected":false},"author":1,"featured_media":0,"comment_status":"closed","ping_status":"open","sticky":false,"template":"","format":"standard","meta":{"footnotes":""},"categories":[1],"tags":[],"class_list":["post-7596","post","type-post","status-publish","format-standard","hentry","category-sem-categoria"],"_links":{"self":[{"href":"https:\/\/staging.viseu2001.com\/wp\/wp-json\/wp\/v2\/posts\/7596","targetHints":{"allow":["GET"]}}],"collection":[{"href":"https:\/\/staging.viseu2001.com\/wp\/wp-json\/wp\/v2\/posts"}],"about":[{"href":"https:\/\/staging.viseu2001.com\/wp\/wp-json\/wp\/v2\/types\/post"}],"author":[{"embeddable":true,"href":"https:\/\/staging.viseu2001.com\/wp\/wp-json\/wp\/v2\/users\/1"}],"replies":[{"embeddable":true,"href":"https:\/\/staging.viseu2001.com\/wp\/wp-json\/wp\/v2\/comments?post=7596"}],"version-history":[{"count":1,"href":"https:\/\/staging.viseu2001.com\/wp\/wp-json\/wp\/v2\/posts\/7596\/revisions"}],"predecessor-version":[{"id":7597,"href":"https:\/\/staging.viseu2001.com\/wp\/wp-json\/wp\/v2\/posts\/7596\/revisions\/7597"}],"wp:attachment":[{"href":"https:\/\/staging.viseu2001.com\/wp\/wp-json\/wp\/v2\/media?parent=7596"}],"wp:term":[{"taxonomy":"category","embeddable":true,"href":"https:\/\/staging.viseu2001.com\/wp\/wp-json\/wp\/v2\/categories?post=7596"},{"taxonomy":"post_tag","embeddable":true,"href":"https:\/\/staging.viseu2001.com\/wp\/wp-json\/wp\/v2\/tags?post=7596"}],"curies":[{"name":"wp","href":"https:\/\/api.w.org\/{rel}","templated":true}]}}